{"id":1555,"date":"2023-06-30T12:01:56","date_gmt":"2023-06-30T10:01:56","guid":{"rendered":"https:\/\/primafrio.com\/60-aniversario\/?p=1555"},"modified":"2023-12-13T11:08:26","modified_gmt":"2023-12-13T10:08:26","slug":"inma-de-ayala","status":"publish","type":"post","link":"https:\/\/primafrio.com\/60-aniversario\/inma-de-ayala\/","title":{"rendered":"Inma de Ayala"},"content":{"rendered":"<h2>\u00bfDesde cu\u00e1ndo y c\u00f3mo empezaste a formar parte de la empresa?<\/h2>\n<p> Entre en la empresa en el a\u00f1o 2016, llevando la parte de alquiler de veh\u00edculos de Renta frio, con el tiempo tambi\u00e9n la gesti\u00f3n y control de los Europallets vac\u00edos y desde hace 4 a\u00f1os en el Departamento de compras.<\/p>\n<h2>A t\u00fa parecer, \u00bfqu\u00e9 cualidades destacar\u00edas de la compa\u00f1\u00eda, y cu\u00e1les crees que son los valores que mejor nos definen?<\/h2>\n<p> El compromiso con los clientes y la superaci\u00f3n diaria por ser los mejores de nuestro sector, Los valores del esfuerzo y del trabajo en equipo.<\/p>\n<h2>\u00bfCu\u00e1l es nuestro punto fuerte?<\/h2>\n<p> A pesar del gran crecimiento no ha dejado de ser una empresa familiar, donde el contacto con la direcci\u00f3n del grupo es cercana y diaria, saben perfectamente transmitirte los valores de la empresa y desde el primer d\u00eda te hacen sentir parte y responsable de esa \u201cGran Familia Primafrio\u201d.<\/p>\n<h2>Despu\u00e9s de estos 60 a\u00f1os: \u00bfde qu\u00e9 te sientes m\u00e1s orgulloso?<\/h2>\n<p> De pertenecer a una empresa l\u00edder en nuestro sector y contribuir con mi trabajo cada d\u00eda a seguir si\u00e9ndolo.<\/p>\n<h2>\u00bfTienes alguna experiencia rese\u00f1able o alg\u00fan momento que guardes de manera especial en tu memoria?<\/h2>\n<p> Recuerdo perfectamente mi primer d\u00eda de trabajo, estaba bastante nerviosa ya que no conoc\u00eda nada el sector del transporte, empezaron a hablarme de tractoras, frigos, enganches\u2026 t\u00e9rminos que desconoc\u00eda hasta ese momento, ped\u00ed si me pod\u00edan llevar al taller para poder ver de cerca un cami\u00f3n y as\u00ed es como pas\u00e9 mi primera ma\u00f1ana en Primafrio.<\/p>\n","protected":false},"excerpt":{"rendered":"<p>\u00bfDesde cu\u00e1ndo y c\u00f3mo empezaste a formar parte de la empresa? Entre en la empresa en el a\u00f1o 2016, llevando la parte de alquiler de veh\u00edculos de Renta frio, con el tiempo tambi\u00e9n la gesti\u00f3n y control de los Europallets vac\u00edos y desde hace 4 a\u00f1os en el Departamento de compras. A t\u00fa parecer, \u00bfqu\u00e9 [&hellip;]<\/p>\n","protected":false},"author":1,"featured_media":2375,"comment_status":"open","ping_status":"open","sticky":false,"template":"","format":"standard","meta":{"footnotes":""},"categories":[13],"tags":[],"class_list":["post-1555","post","type-post","status-publish","format-standard","has-post-thumbnail","hentry","category-protagonistas"],"_links":{"self":[{"href":"https:\/\/primafrio.com\/60-aniversario\/wp-json\/wp\/v2\/posts\/1555","targetHints":{"allow":["GET"]}}],"collection":[{"href":"https:\/\/primafrio.com\/60-aniversario\/wp-json\/wp\/v2\/posts"}],"about":[{"href":"https:\/\/primafrio.com\/60-aniversario\/wp-json\/wp\/v2\/types\/post"}],"author":[{"embeddable":true,"href":"https:\/\/primafrio.com\/60-aniversario\/wp-json\/wp\/v2\/users\/1"}],"replies":[{"embeddable":true,"href":"https:\/\/primafrio.com\/60-aniversario\/wp-json\/wp\/v2\/comments?post=1555"}],"version-history":[{"count":3,"href":"https:\/\/primafrio.com\/60-aniversario\/wp-json\/wp\/v2\/posts\/1555\/revisions"}],"predecessor-version":[{"id":2541,"href":"https:\/\/primafrio.com\/60-aniversario\/wp-json\/wp\/v2\/posts\/1555\/revisions\/2541"}],"wp:featuredmedia":[{"embeddable":true,"href":"https:\/\/primafrio.com\/60-aniversario\/wp-json\/wp\/v2\/media\/2375"}],"wp:attachment":[{"href":"https:\/\/primafrio.com\/60-aniversario\/wp-json\/wp\/v2\/media?parent=1555"}],"wp:term":[{"taxonomy":"category","embeddable":true,"href":"https:\/\/primafrio.com\/60-aniversario\/wp-json\/wp\/v2\/categories?post=1555"},{"taxonomy":"post_tag","embeddable":true,"href":"https:\/\/primafrio.com\/60-aniversario\/wp-json\/wp\/v2\/tags?post=1555"}],"curies":[{"name":"wp","href":"https:\/\/api.w.org\/{rel}","templated":true}]}}