{"id":1548,"date":"2023-06-06T11:55:11","date_gmt":"2023-06-06T09:55:11","guid":{"rendered":"https:\/\/primafrio.com\/60-aniversario\/?p=1548"},"modified":"2023-12-29T09:44:37","modified_gmt":"2023-12-29T08:44:37","slug":"andres-valverde","status":"publish","type":"post","link":"https:\/\/primafrio.com\/60-aniversario\/andres-valverde\/","title":{"rendered":"Andr\u00e9s Valverde"},"content":{"rendered":"<h2>\u00bfDesde cu\u00e1ndo y c\u00f3mo empezaste a formar parte de la empresa?<\/h2>\n<p>Empec\u00e9 en el a\u00f1o 2011.<\/p>\n<h2> A t\u00fa parecer, \u00bfqu\u00e9 cualidades destacar\u00edas de la compa\u00f1\u00eda, y cu\u00e1les crees que son los valores que mejor nos definen?<\/h2>\n<p>Trabajo, constancia, ambici\u00f3n y dar siempre una soluci\u00f3n para cumplir con el servicio.<\/p>\n<h2> \u00bfCu\u00e1l es nuestro punto fuerte?<\/h2>\n<p>Cumplir con lo pactado y el servicio que ofrecemos, a pesar de todas las adversidades que se puedan presentar.<\/p>\n<h2>Despu\u00e9s de estos 60 a\u00f1os: \u00bfde qu\u00e9 te sientes m\u00e1s orgulloso?<\/h2>\n<p>Orgulloso de ser parte de estos a\u00f1os de crecimiento y de ver culminado a nivel profesional lo que siempre fue mi idea de lo que ten\u00eda que ser una empresa de nuestro sector. Orgulloso de poder, durante un tiempo, ser part\u00edcipe de la llegada de Jose Esteban Junior que representa el futuro y la estabilidad de Primafrio dando sentido a lo construido anteriormente. Y orgulloso de que me hijo, desde hace unos a\u00f1os, tambi\u00e9n forme parte de la familia Primafrio.<\/p>\n<h2>\u00bfTienes alguna experiencia rese\u00f1able o alg\u00fan momento que guardes de manera especial en tu memoria?<\/h2>\n<p>Experiencias hay muchas, buenas, otras no tanto, pero al final experiencias que enriquecen.<\/p>\n<p>De lo m\u00e1s destacado, el haber sacado adelante el proyecto de grupaje que era algo que ven\u00eda persiguiendo desde muchos a\u00f1os, incluso antes de incorporarme a Primafrio.<\/p>\n<p>Aunque me llevo lo personal que es haber podido trabajar junto a Jos\u00e9 Esteban Conesa, y la suerte de haber compartido con su padre Don Jos\u00e9 unos a\u00f1os en la construcci\u00f3n de la sede de Alhama de Murcia. Las vivencias que compartimos en la obra de esta base me hicieron descubrir una persona fuera de lo com\u00fan a pesar de su edad. La base est\u00e1 repleta de recuerdos compartidos. Me quedo el recuerdo de una persona a la cual adem\u00e1s de un gran afecto le tengo un enorme respeto.<\/p>\n","protected":false},"excerpt":{"rendered":"<p>\u00bfDesde cu\u00e1ndo y c\u00f3mo empezaste a formar parte de la empresa? Empec\u00e9 en el a\u00f1o 2011. A t\u00fa parecer, \u00bfqu\u00e9 cualidades destacar\u00edas de la compa\u00f1\u00eda, y cu\u00e1les crees que son los valores que mejor nos definen? Trabajo, constancia, ambici\u00f3n y dar siempre una soluci\u00f3n para cumplir con el servicio. \u00bfCu\u00e1l es nuestro punto fuerte? Cumplir [&hellip;]<\/p>\n","protected":false},"author":1,"featured_media":2893,"comment_status":"open","ping_status":"open","sticky":false,"template":"","format":"standard","meta":{"footnotes":""},"categories":[13],"tags":[],"class_list":["post-1548","post","type-post","status-publish","format-standard","has-post-thumbnail","hentry","category-protagonistas"],"_links":{"self":[{"href":"https:\/\/primafrio.com\/60-aniversario\/wp-json\/wp\/v2\/posts\/1548","targetHints":{"allow":["GET"]}}],"collection":[{"href":"https:\/\/primafrio.com\/60-aniversario\/wp-json\/wp\/v2\/posts"}],"about":[{"href":"https:\/\/primafrio.com\/60-aniversario\/wp-json\/wp\/v2\/types\/post"}],"author":[{"embeddable":true,"href":"https:\/\/primafrio.com\/60-aniversario\/wp-json\/wp\/v2\/users\/1"}],"replies":[{"embeddable":true,"href":"https:\/\/primafrio.com\/60-aniversario\/wp-json\/wp\/v2\/comments?post=1548"}],"version-history":[{"count":4,"href":"https:\/\/primafrio.com\/60-aniversario\/wp-json\/wp\/v2\/posts\/1548\/revisions"}],"predecessor-version":[{"id":2474,"href":"https:\/\/primafrio.com\/60-aniversario\/wp-json\/wp\/v2\/posts\/1548\/revisions\/2474"}],"wp:featuredmedia":[{"embeddable":true,"href":"https:\/\/primafrio.com\/60-aniversario\/wp-json\/wp\/v2\/media\/2893"}],"wp:attachment":[{"href":"https:\/\/primafrio.com\/60-aniversario\/wp-json\/wp\/v2\/media?parent=1548"}],"wp:term":[{"taxonomy":"category","embeddable":true,"href":"https:\/\/primafrio.com\/60-aniversario\/wp-json\/wp\/v2\/categories?post=1548"},{"taxonomy":"post_tag","embeddable":true,"href":"https:\/\/primafrio.com\/60-aniversario\/wp-json\/wp\/v2\/tags?post=1548"}],"curies":[{"name":"wp","href":"https:\/\/api.w.org\/{rel}","templated":true}]}}