{"id":1515,"date":"2023-07-15T13:58:15","date_gmt":"2023-07-15T11:58:15","guid":{"rendered":"https:\/\/primafrio.com\/60-aniversario\/?p=1515"},"modified":"2023-12-13T11:03:33","modified_gmt":"2023-12-13T10:03:33","slug":"fina-ramon","status":"publish","type":"post","link":"https:\/\/primafrio.com\/60-aniversario\/fina-ramon\/","title":{"rendered":"Fina Ram\u00f3n"},"content":{"rendered":"<h2>\u00bfDesde cu\u00e1ndo y c\u00f3mo empezaste a formar parte de la empresa?<\/h2>\n<p>Empec\u00e9 en la Navidad de 2012, unos d\u00edas antes de la Nochevieja del 2012 \u2013 2013.<\/p>\n<p>Una antigua compa\u00f1era de un anterior trabajo se incorpor\u00f3 a Primafrio ese a\u00f1o, y cuando supo que buscaban a alguien con franc\u00e9s, me recomend\u00f3. En ese momento yo no estaba buscando trabajo ya que acababa de empezar un m\u00e1ster en comercio internacional mientras ayudaba en la empresa familiar.<\/p>\n<p>Fue todo muy r\u00e1pido. Recuerdo que la primera entrevista fue con Alex de Vaan en las instalaciones de Molina, la segunda fue con Juan Conesa y a los pocos d\u00edas empec\u00e9 a trabajar.<\/p>\n<h2>A t\u00fa parecer, \u00bfqu\u00e9 cualidades destacar\u00edas de la compa\u00f1\u00eda, y cu\u00e1les crees que son los valores que mejor nos definen?<\/h2>\n<p>Cualidades: La continua persecuci\u00f3n de la excelencia en el servicio ofrecido.<\/p>\n<p>Las estrategias y esfuerzos est\u00e1n enfocadas a satisfacer las necesidades de sus clientes, siempre aportando valor. Es consciente de que ellos son la base de su negocio.<\/p>\n<p>Valores: Calidad, Pasi\u00f3n, Sostenibilidad e Innovaci\u00f3n.<\/p>\n<h2>\u00bfCu\u00e1l es nuestro punto fuerte?<\/h2>\n<p>La principal fortaleza de Primafrio es su capital humano adem\u00e1s de su experiencia en el mercado, por supuesto.<\/p>\n<h2>Despu\u00e9s de estos 60 a\u00f1os: \u00bfde qu\u00e9 te sientes m\u00e1s orgulloso?<\/h2>\n<p>Para m\u00ed es un orgullo haber aportado mi granito a este crecimiento, y pertenecer hoy a la empresa l\u00edder del sector.<\/p>\n<h2>\u00bfTienes alguna experiencia rese\u00f1able o alg\u00fan momento que guardes de manera especial en tu memoria?<\/h2>\n<p>Siempre recordar\u00e9 mi primer viaje comercial. Aun no llevaba un a\u00f1o en la empresa cuando organic\u00e9 mi primer viaje. El primer d\u00eda ten\u00eda que realizar las visitas con Nicolas Leroy, para aprender a presentar la empresa, y el resto las har\u00eda con Juan Conesa. Pero hubo cambios de \u00faltima hora en la agenda de Juan, y finalmente tuve que continuar el viaje yo sola.<\/p>\n<p>Me dej\u00f3 su coche en Lille un martes por la tarde, y me dijo que lo recogiera el jueves por la tarde en la estaci\u00f3n de tren de Marsella. Me cruc\u00e9 todo el pa\u00eds con el coche del jefe y aunque hubo alguna que otra an\u00e9cdota, sobre todo cuando tuve que entrar en Par\u00eds para visitar un cliente, fue una experiencia muy enriquecedora tanto a nivel profesional como personal.<\/p>\n","protected":false},"excerpt":{"rendered":"<p>\u00bfDesde cu\u00e1ndo y c\u00f3mo empezaste a formar parte de la empresa? Empec\u00e9 en la Navidad de 2012, unos d\u00edas antes de la Nochevieja del 2012 \u2013 2013. Una antigua compa\u00f1era de un anterior trabajo se incorpor\u00f3 a Primafrio ese a\u00f1o, y cuando supo que buscaban a alguien con franc\u00e9s, me recomend\u00f3. En ese momento yo [&hellip;]<\/p>\n","protected":false},"author":1,"featured_media":2377,"comment_status":"open","ping_status":"open","sticky":false,"template":"","format":"standard","meta":{"footnotes":""},"categories":[13],"tags":[],"class_list":["post-1515","post","type-post","status-publish","format-standard","has-post-thumbnail","hentry","category-protagonistas"],"_links":{"self":[{"href":"https:\/\/primafrio.com\/60-aniversario\/wp-json\/wp\/v2\/posts\/1515","targetHints":{"allow":["GET"]}}],"collection":[{"href":"https:\/\/primafrio.com\/60-aniversario\/wp-json\/wp\/v2\/posts"}],"about":[{"href":"https:\/\/primafrio.com\/60-aniversario\/wp-json\/wp\/v2\/types\/post"}],"author":[{"embeddable":true,"href":"https:\/\/primafrio.com\/60-aniversario\/wp-json\/wp\/v2\/users\/1"}],"replies":[{"embeddable":true,"href":"https:\/\/primafrio.com\/60-aniversario\/wp-json\/wp\/v2\/comments?post=1515"}],"version-history":[{"count":3,"href":"https:\/\/primafrio.com\/60-aniversario\/wp-json\/wp\/v2\/posts\/1515\/revisions"}],"predecessor-version":[{"id":2528,"href":"https:\/\/primafrio.com\/60-aniversario\/wp-json\/wp\/v2\/posts\/1515\/revisions\/2528"}],"wp:featuredmedia":[{"embeddable":true,"href":"https:\/\/primafrio.com\/60-aniversario\/wp-json\/wp\/v2\/media\/2377"}],"wp:attachment":[{"href":"https:\/\/primafrio.com\/60-aniversario\/wp-json\/wp\/v2\/media?parent=1515"}],"wp:term":[{"taxonomy":"category","embeddable":true,"href":"https:\/\/primafrio.com\/60-aniversario\/wp-json\/wp\/v2\/categories?post=1515"},{"taxonomy":"post_tag","embeddable":true,"href":"https:\/\/primafrio.com\/60-aniversario\/wp-json\/wp\/v2\/tags?post=1515"}],"curies":[{"name":"wp","href":"https:\/\/api.w.org\/{rel}","templated":true}]}}