{"id":1512,"date":"2023-07-17T13:37:11","date_gmt":"2023-07-17T11:37:11","guid":{"rendered":"https:\/\/primafrio.com\/60-aniversario\/?p=1512"},"modified":"2023-12-13T11:02:44","modified_gmt":"2023-12-13T10:02:44","slug":"marina-forch","status":"publish","type":"post","link":"https:\/\/primafrio.com\/60-aniversario\/marina-forch\/","title":{"rendered":"Marina F\u00f6rch"},"content":{"rendered":"<h2>\u00bfDesde cu\u00e1ndo y c\u00f3mo empezaste a formar parte de la empresa?<\/h2>\n<p>Empec\u00e9 en Primafrio a principios de 2016. Vol\u00e9 desde Londres para mi primera entrevista con Juan Conesa, que hicimos en ingl\u00e9s seguida de una segunda entrevista con Jos\u00e9 Esteban Conesa en franc\u00e9s, ya que entonces no hablaba espa\u00f1ol.<\/p>\n<h2>A t\u00fa parecer, \u00bfqu\u00e9 cualidades destacar\u00edas de la compa\u00f1\u00eda, y cu\u00e1les crees que son los valores que mejor nos definen?<\/h2>\n<p>Una empresa familiar espa\u00f1ola con un objetivo muy internacional.<\/p>\n<h2>\u00bfCu\u00e1l es nuestro punto fuerte?<\/h2>\n<p>Teniendo una estructura de organizaci\u00f3n plana y una toma de decisiones r\u00e1pida y eficaz.<\/p>\n<h2>Despu\u00e9s de estos 60 a\u00f1os: \u00bfde qu\u00e9 te sientes m\u00e1s orgulloso?<\/h2>\n<p>A donde hemos llegado manteniendo una calidad de servicio que nos destaca en el mercado.<\/p>\n<h2>\u00bfTienes alguna experiencia rese\u00f1able o alg\u00fan momento que guardes de manera especial en tu memoria?<\/h2>\n<p>Despu\u00e9s de mi entrevista con Jos\u00e9 Esteban en el mes de diciembre, me invitaron a la cena de Navidad, y en aquel momento no sab\u00eda si ten\u00eda el puesto de trabajo. As\u00ed, en aquel momento, no sab\u00eda como presentarme a los compa\u00f1eros.<\/p>\n","protected":false},"excerpt":{"rendered":"<p>\u00bfDesde cu\u00e1ndo y c\u00f3mo empezaste a formar parte de la empresa? Empec\u00e9 en Primafrio a principios de 2016. Vol\u00e9 desde Londres para mi primera entrevista con Juan Conesa, que hicimos en ingl\u00e9s seguida de una segunda entrevista con Jos\u00e9 Esteban Conesa en franc\u00e9s, ya que entonces no hablaba espa\u00f1ol. A t\u00fa parecer, \u00bfqu\u00e9 cualidades destacar\u00edas [&hellip;]<\/p>\n","protected":false},"author":1,"featured_media":2378,"comment_status":"open","ping_status":"open","sticky":false,"template":"","format":"standard","meta":{"footnotes":""},"categories":[13],"tags":[],"class_list":["post-1512","post","type-post","status-publish","format-standard","has-post-thumbnail","hentry","category-protagonistas"],"_links":{"self":[{"href":"https:\/\/primafrio.com\/60-aniversario\/wp-json\/wp\/v2\/posts\/1512","targetHints":{"allow":["GET"]}}],"collection":[{"href":"https:\/\/primafrio.com\/60-aniversario\/wp-json\/wp\/v2\/posts"}],"about":[{"href":"https:\/\/primafrio.com\/60-aniversario\/wp-json\/wp\/v2\/types\/post"}],"author":[{"embeddable":true,"href":"https:\/\/primafrio.com\/60-aniversario\/wp-json\/wp\/v2\/users\/1"}],"replies":[{"embeddable":true,"href":"https:\/\/primafrio.com\/60-aniversario\/wp-json\/wp\/v2\/comments?post=1512"}],"version-history":[{"count":3,"href":"https:\/\/primafrio.com\/60-aniversario\/wp-json\/wp\/v2\/posts\/1512\/revisions"}],"predecessor-version":[{"id":2526,"href":"https:\/\/primafrio.com\/60-aniversario\/wp-json\/wp\/v2\/posts\/1512\/revisions\/2526"}],"wp:featuredmedia":[{"embeddable":true,"href":"https:\/\/primafrio.com\/60-aniversario\/wp-json\/wp\/v2\/media\/2378"}],"wp:attachment":[{"href":"https:\/\/primafrio.com\/60-aniversario\/wp-json\/wp\/v2\/media?parent=1512"}],"wp:term":[{"taxonomy":"category","embeddable":true,"href":"https:\/\/primafrio.com\/60-aniversario\/wp-json\/wp\/v2\/categories?post=1512"},{"taxonomy":"post_tag","embeddable":true,"href":"https:\/\/primafrio.com\/60-aniversario\/wp-json\/wp\/v2\/tags?post=1512"}],"curies":[{"name":"wp","href":"https:\/\/api.w.org\/{rel}","templated":true}]}}