{"id":1509,"date":"2023-06-18T10:53:25","date_gmt":"2023-06-18T08:53:25","guid":{"rendered":"https:\/\/primafrio.com\/60-aniversario\/?p=1509"},"modified":"2023-12-28T12:23:39","modified_gmt":"2023-12-28T11:23:39","slug":"mari-cruz-ayala","status":"publish","type":"post","link":"https:\/\/primafrio.com\/60-aniversario\/mari-cruz-ayala\/","title":{"rendered":"Mari Cruz Ayala"},"content":{"rendered":"<h2>\u00bfDesde cu\u00e1ndo y c\u00f3mo empezaste a formar parte de la empresa? <\/h2>\n<p>Desde el a\u00f1o 1992 ( hace 31 a\u00f1os), empec\u00e9 en recepci\u00f3n en el Infante (Murcia) estuve aprox. 2 a\u00f1os y, a continuaci\u00f3n, pas\u00e9 al departamento de facturaci\u00f3n en Molina de Segura, entre otras cosas, llevaba tambi\u00e9n el control de los eurpallet.<\/p>\n<h2>A t\u00fa parecer, \u00bfqu\u00e9 cualidades destacar\u00edas de la compa\u00f1\u00eda, y cu\u00e1les crees que son los valores que mejor nos definen? <\/h2>\n<p>El mejorar d\u00eda tras d\u00eda, el adaptarse a todos los tiempos y su constancia en crecer cada vez m\u00e1s.<\/p>\n<h2>\u00bfCu\u00e1l es nuestro punto fuerte? <\/h2>\n<p>La seguridad que te da la empresa.<\/p>\n<h2>Despu\u00e9s de estos 60 a\u00f1os: \u00bfde qu\u00e9 te sientes m\u00e1s orgulloso? <\/h2>\n<p>De trabajar con la familia Conesa todos estos a\u00f1os, haber visto crecer la empresa y tambi\u00e9n de mi trabajo realizado hasta hoy.<\/p>\n<h2>\u00bfTienes alguna experiencia rese\u00f1able o alg\u00fan momento que guardes de manera especial en tu memoria? <\/h2>\n<p>Si, recuerdo con mucho cari\u00f1o la comida de Navidad que se hac\u00eda en la base de Molina, jefes, todos los empleados de la oficina y los ch\u00f3feres. Uno de los ch\u00f3feres era el que se encargaba de hacer un arroz valenciano y all\u00ed cant\u00e1bamos villancicos, nos reun\u00edamos todos y pas\u00e1bamos un rato muy bueno.<\/p>\n","protected":false},"excerpt":{"rendered":"<p>\u00bfDesde cu\u00e1ndo y c\u00f3mo empezaste a formar parte de la empresa? Desde el a\u00f1o 1992 ( hace 31 a\u00f1os), empec\u00e9 en recepci\u00f3n en el Infante (Murcia) estuve aprox. 2 a\u00f1os y, a continuaci\u00f3n, pas\u00e9 al departamento de facturaci\u00f3n en Molina de Segura, entre otras cosas, llevaba tambi\u00e9n el control de los eurpallet. A t\u00fa parecer, [&hellip;]<\/p>\n","protected":false},"author":1,"featured_media":2379,"comment_status":"open","ping_status":"open","sticky":false,"template":"","format":"standard","meta":{"footnotes":""},"categories":[13],"tags":[],"class_list":["post-1509","post","type-post","status-publish","format-standard","has-post-thumbnail","hentry","category-protagonistas"],"_links":{"self":[{"href":"https:\/\/primafrio.com\/60-aniversario\/wp-json\/wp\/v2\/posts\/1509","targetHints":{"allow":["GET"]}}],"collection":[{"href":"https:\/\/primafrio.com\/60-aniversario\/wp-json\/wp\/v2\/posts"}],"about":[{"href":"https:\/\/primafrio.com\/60-aniversario\/wp-json\/wp\/v2\/types\/post"}],"author":[{"embeddable":true,"href":"https:\/\/primafrio.com\/60-aniversario\/wp-json\/wp\/v2\/users\/1"}],"replies":[{"embeddable":true,"href":"https:\/\/primafrio.com\/60-aniversario\/wp-json\/wp\/v2\/comments?post=1509"}],"version-history":[{"count":4,"href":"https:\/\/primafrio.com\/60-aniversario\/wp-json\/wp\/v2\/posts\/1509\/revisions"}],"predecessor-version":[{"id":2798,"href":"https:\/\/primafrio.com\/60-aniversario\/wp-json\/wp\/v2\/posts\/1509\/revisions\/2798"}],"wp:featuredmedia":[{"embeddable":true,"href":"https:\/\/primafrio.com\/60-aniversario\/wp-json\/wp\/v2\/media\/2379"}],"wp:attachment":[{"href":"https:\/\/primafrio.com\/60-aniversario\/wp-json\/wp\/v2\/media?parent=1509"}],"wp:term":[{"taxonomy":"category","embeddable":true,"href":"https:\/\/primafrio.com\/60-aniversario\/wp-json\/wp\/v2\/categories?post=1509"},{"taxonomy":"post_tag","embeddable":true,"href":"https:\/\/primafrio.com\/60-aniversario\/wp-json\/wp\/v2\/tags?post=1509"}],"curies":[{"name":"wp","href":"https:\/\/api.w.org\/{rel}","templated":true}]}}