{"id":1506,"date":"2023-06-07T10:48:56","date_gmt":"2023-06-07T08:48:56","guid":{"rendered":"https:\/\/primafrio.com\/60-aniversario\/?p=1506"},"modified":"2023-12-28T11:43:15","modified_gmt":"2023-12-28T10:43:15","slug":"francisco-torres","status":"publish","type":"post","link":"https:\/\/primafrio.com\/60-aniversario\/francisco-torres\/","title":{"rendered":"Francisco Torres"},"content":{"rendered":"<h2>\u00bfDesde cu\u00e1ndo y c\u00f3mo empezaste a formar parte de la empresa?<\/h2>\n<p>La primera relaci\u00f3n con la empresa empez\u00f3 en el a\u00f1o 1989. Las oficinas, entonces, estaban en el edificio tres estrellas de Murcia, en el infante Juan Manuel.<\/p>\n<h2>A t\u00fa parecer, \u00bfqu\u00e9 cualidades destacar\u00edas de la compa\u00f1\u00eda, y cu\u00e1les crees que son los valores que mejor nos definen?<\/h2>\n<p>Las personas que forman el equipo Primafrio, su formaci\u00f3n, el compa\u00f1erismo que se crea en cada uno de los departamentos que componen la empresa.<\/p>\n<p>Sin duda el mejor valor es el humano, la combinaci\u00f3n de la experiencia con el empuje y la formaci\u00f3n de las nuevas generaciones.<\/p>\n<h2>\u00bfCu\u00e1l es nuestro punto fuerte?<\/h2>\n<p>Creo que presumimos de dar el mejor servicio, puntualidad, control de calidad, esfuerzo por llegar antes y mejor.<\/p>\n<h2>Despu\u00e9s de estos 60 a\u00f1os: \u00bfde qu\u00e9 te sientes m\u00e1s orgulloso?<\/h2>\n<p>De formar parte, o ser un pedacito de una empresa de prestigio, reconocida dentro y fuera de Espa\u00f1a, con un crecimiento que muchos envidian y persiguen en el transporte internacional.<\/p>\n<h2>\u00bfTienes alguna experiencia rese\u00f1able o alg\u00fan momento que guardes de manera especial en tu memoria?<\/h2>\n<p>34 a\u00f1os dan para muchas an\u00e9cdotas, pero recuerdo especialmente cuando hab\u00eda que preparar las salidas de los choferes y hab\u00eda que estudiar antes su ruta para preparar el efectivo del viaje. Hab\u00eda cajas de Francos franceses, liras italianas, marcos, escudos, florines\u2026.<\/p>\n<p>Antes de los tel\u00e9fonos m\u00f3viles, se pon\u00edan puntos concretos para hacer llamadas a la empresa por posibles cambios del cliente. Gasolinera junquera, Shell de NEUBEMBURG\u2026. recuerdo lo interesante que era combinar con otros compa\u00f1eros, en tres llamadas, como bajar a un chofer a Murcia, para acudir al nacimiento de un hijo.<\/p>\n","protected":false},"excerpt":{"rendered":"<p>\u00bfDesde cu\u00e1ndo y c\u00f3mo empezaste a formar parte de la empresa? La primera relaci\u00f3n con la empresa empez\u00f3 en el a\u00f1o 1989. Las oficinas, entonces, estaban en el edificio tres estrellas de Murcia, en el infante Juan Manuel. A t\u00fa parecer, \u00bfqu\u00e9 cualidades destacar\u00edas de la compa\u00f1\u00eda, y cu\u00e1les crees que son los valores que [&hellip;]<\/p>\n","protected":false},"author":1,"featured_media":2380,"comment_status":"open","ping_status":"open","sticky":false,"template":"","format":"standard","meta":{"footnotes":""},"categories":[13],"tags":[],"class_list":["post-1506","post","type-post","status-publish","format-standard","has-post-thumbnail","hentry","category-protagonistas"],"_links":{"self":[{"href":"https:\/\/primafrio.com\/60-aniversario\/wp-json\/wp\/v2\/posts\/1506","targetHints":{"allow":["GET"]}}],"collection":[{"href":"https:\/\/primafrio.com\/60-aniversario\/wp-json\/wp\/v2\/posts"}],"about":[{"href":"https:\/\/primafrio.com\/60-aniversario\/wp-json\/wp\/v2\/types\/post"}],"author":[{"embeddable":true,"href":"https:\/\/primafrio.com\/60-aniversario\/wp-json\/wp\/v2\/users\/1"}],"replies":[{"embeddable":true,"href":"https:\/\/primafrio.com\/60-aniversario\/wp-json\/wp\/v2\/comments?post=1506"}],"version-history":[{"count":4,"href":"https:\/\/primafrio.com\/60-aniversario\/wp-json\/wp\/v2\/posts\/1506\/revisions"}],"predecessor-version":[{"id":2773,"href":"https:\/\/primafrio.com\/60-aniversario\/wp-json\/wp\/v2\/posts\/1506\/revisions\/2773"}],"wp:featuredmedia":[{"embeddable":true,"href":"https:\/\/primafrio.com\/60-aniversario\/wp-json\/wp\/v2\/media\/2380"}],"wp:attachment":[{"href":"https:\/\/primafrio.com\/60-aniversario\/wp-json\/wp\/v2\/media?parent=1506"}],"wp:term":[{"taxonomy":"category","embeddable":true,"href":"https:\/\/primafrio.com\/60-aniversario\/wp-json\/wp\/v2\/categories?post=1506"},{"taxonomy":"post_tag","embeddable":true,"href":"https:\/\/primafrio.com\/60-aniversario\/wp-json\/wp\/v2\/tags?post=1506"}],"curies":[{"name":"wp","href":"https:\/\/api.w.org\/{rel}","templated":true}]}}