{"id":1503,"date":"2023-07-23T10:43:11","date_gmt":"2023-07-23T08:43:11","guid":{"rendered":"https:\/\/primafrio.com\/60-aniversario\/?p=1503"},"modified":"2023-12-13T10:59:11","modified_gmt":"2023-12-13T09:59:11","slug":"domingo-camacho","status":"publish","type":"post","link":"https:\/\/primafrio.com\/60-aniversario\/domingo-camacho\/","title":{"rendered":"Domingo Camacho"},"content":{"rendered":"<h2>\u00bfDesde cu\u00e1ndo y c\u00f3mo empezaste a formar parte de la empresa?<\/h2>\n<p>Llegu\u00e9 a Primafrio en noviembre de 2019.<\/p>\n<h2>A t\u00fa parecer, \u00bfqu\u00e9 cualidades destacar\u00edas de la compa\u00f1\u00eda, y cu\u00e1les crees que son los valores que mejor nos definen?<\/h2>\n<p>Primafrio tiene muchas cosas buenas, pero, bajo mi punto de vista, la principal es que siendo una de las mayores empresas de la Regi\u00f3n de Murcia, tiene todo lo bueno de una empresa familiar; el trato y la cercan\u00eda con los propietarios, y el compa\u00f1erismo y la familiaridad con el trabajador son aspectos que ensalzar.<\/p>\n<h2>\u00bfCu\u00e1l es nuestro punto fuerte?<\/h2>\n<p>Sin lugar a duda, los valores de esfuerzo y sacrificio que se transmiten desde la Direcci\u00f3n cada d\u00eda y que se contagian a todos los trabajadores de la compa\u00f1\u00eda. Estos principios, sumados a la calidad y la rapidez del servicio que prestamos es lo que nos hace ser la empresa l\u00edder del sector, todo ello dirigido por Jos\u00e9 Esteban Conesa y sostenido por el gran equipo humano de Primafrio.<\/p>\n<h2>Despu\u00e9s de estos 60 a\u00f1os: \u00bfde qu\u00e9 te sientes m\u00e1s orgulloso?<\/h2>\n<p>Echando la vista atr\u00e1s para rememorar c\u00f3mo Don Jos\u00e9 y Do\u00f1a Josefina comenzaron esta andadura con un cami\u00f3n en 1963 y viendo el lugar hasta el que la han llevado sus herederos, me siento orgulloso de haber podido aportar mi granito de arena a este gran crecimiento y ser parte de la gran compa\u00f1\u00eda que es hoy Primafrio.<\/p>\n<h2>\u00bfTienes alguna experiencia rese\u00f1able o alg\u00fan momento que guardes de manera especial en tu memoria?<\/h2>\n<p>Uno de los momentos que recuerdo con m\u00e1s cari\u00f1o es la primera vez que pude subir en la cabina de uno de nuestros camiones para hacer un breve trayecto desde la base de Molina hasta Alhama de Murcia. Era una cosa que siempre hab\u00eda querido hacer y que me impresion\u00f3 mucho.<\/p>\n","protected":false},"excerpt":{"rendered":"<p>\u00bfDesde cu\u00e1ndo y c\u00f3mo empezaste a formar parte de la empresa? Llegu\u00e9 a Primafrio en noviembre de 2019. A t\u00fa parecer, \u00bfqu\u00e9 cualidades destacar\u00edas de la compa\u00f1\u00eda, y cu\u00e1les crees que son los valores que mejor nos definen? Primafrio tiene muchas cosas buenas, pero, bajo mi punto de vista, la principal es que siendo una [&hellip;]<\/p>\n","protected":false},"author":1,"featured_media":2381,"comment_status":"open","ping_status":"open","sticky":false,"template":"","format":"standard","meta":{"footnotes":""},"categories":[13],"tags":[],"class_list":["post-1503","post","type-post","status-publish","format-standard","has-post-thumbnail","hentry","category-protagonistas"],"_links":{"self":[{"href":"https:\/\/primafrio.com\/60-aniversario\/wp-json\/wp\/v2\/posts\/1503","targetHints":{"allow":["GET"]}}],"collection":[{"href":"https:\/\/primafrio.com\/60-aniversario\/wp-json\/wp\/v2\/posts"}],"about":[{"href":"https:\/\/primafrio.com\/60-aniversario\/wp-json\/wp\/v2\/types\/post"}],"author":[{"embeddable":true,"href":"https:\/\/primafrio.com\/60-aniversario\/wp-json\/wp\/v2\/users\/1"}],"replies":[{"embeddable":true,"href":"https:\/\/primafrio.com\/60-aniversario\/wp-json\/wp\/v2\/comments?post=1503"}],"version-history":[{"count":3,"href":"https:\/\/primafrio.com\/60-aniversario\/wp-json\/wp\/v2\/posts\/1503\/revisions"}],"predecessor-version":[{"id":2520,"href":"https:\/\/primafrio.com\/60-aniversario\/wp-json\/wp\/v2\/posts\/1503\/revisions\/2520"}],"wp:featuredmedia":[{"embeddable":true,"href":"https:\/\/primafrio.com\/60-aniversario\/wp-json\/wp\/v2\/media\/2381"}],"wp:attachment":[{"href":"https:\/\/primafrio.com\/60-aniversario\/wp-json\/wp\/v2\/media?parent=1503"}],"wp:term":[{"taxonomy":"category","embeddable":true,"href":"https:\/\/primafrio.com\/60-aniversario\/wp-json\/wp\/v2\/categories?post=1503"},{"taxonomy":"post_tag","embeddable":true,"href":"https:\/\/primafrio.com\/60-aniversario\/wp-json\/wp\/v2\/tags?post=1503"}],"curies":[{"name":"wp","href":"https:\/\/api.w.org\/{rel}","templated":true}]}}