{"id":1456,"date":"2023-06-25T13:14:02","date_gmt":"2023-06-25T11:14:02","guid":{"rendered":"https:\/\/primafrio.com\/60-aniversario\/?p=1456"},"modified":"2023-12-13T10:45:18","modified_gmt":"2023-12-13T09:45:18","slug":"jesus-verdejo","status":"publish","type":"post","link":"https:\/\/primafrio.com\/60-aniversario\/jesus-verdejo\/","title":{"rendered":"Jes\u00fas Verdejo"},"content":{"rendered":"<h2>\u00bfDesde cu\u00e1ndo y c\u00f3mo empezaste a formar parte de la empresa?<\/h2>\n<p>Comenc\u00e9 a trabajar en Septiembre del a\u00f1o 2002, formando parte del departamento de cargas (en aquellos a\u00f1os se hac\u00eda todo cargas y seguimiento).<\/p>\n<h2>A t\u00fa parecer, \u00bfqu\u00e9 cualidades destacar\u00edas de la compa\u00f1\u00eda, y cu\u00e1les crees que son los valores que mejor nos definen?<\/h2>\n<p>La mayor virtud de esta empresa es el compa\u00f1erismo y el compromiso con el trabajo y el cliente.<\/p>\n<h2>\u00bfCu\u00e1l es nuestro punto fuerte?<\/h2>\n<p>Nuestro punto fuerte es el rigor en el trabajo y el compromiso que tenemos para que las cosas salgan bien.<\/p>\n<h2>Despu\u00e9s de estos 60 a\u00f1os: \u00bfde qu\u00e9 te sientes m\u00e1s orgulloso?<\/h2>\n<p>Me siento orgulloso del gran crecimiento que ha experimentado la empresa en estos a\u00f1os.<\/p>\n<h2>\u00bfTienes alguna experiencia rese\u00f1able o alg\u00fan momento que guardes de manera especial en t\u00fa memoria?<\/h2>\n<p>Tengo muchas pero por rese\u00f1ar alguna los viajes a Lepe para la finalizaci\u00f3n de la campa\u00f1a de fresa, todos juntos y haciendo pi\u00f1a.<\/p>\n","protected":false},"excerpt":{"rendered":"<p>\u00bfDesde cu\u00e1ndo y c\u00f3mo empezaste a formar parte de la empresa? Comenc\u00e9 a trabajar en Septiembre del a\u00f1o 2002, formando parte del departamento de cargas (en aquellos a\u00f1os se hac\u00eda todo cargas y seguimiento). A t\u00fa parecer, \u00bfqu\u00e9 cualidades destacar\u00edas de la compa\u00f1\u00eda, y cu\u00e1les crees que son los valores que mejor nos definen? La [&hellip;]<\/p>\n","protected":false},"author":1,"featured_media":2322,"comment_status":"open","ping_status":"open","sticky":false,"template":"","format":"standard","meta":{"footnotes":""},"categories":[13],"tags":[],"class_list":["post-1456","post","type-post","status-publish","format-standard","has-post-thumbnail","hentry","category-protagonistas"],"_links":{"self":[{"href":"https:\/\/primafrio.com\/60-aniversario\/wp-json\/wp\/v2\/posts\/1456","targetHints":{"allow":["GET"]}}],"collection":[{"href":"https:\/\/primafrio.com\/60-aniversario\/wp-json\/wp\/v2\/posts"}],"about":[{"href":"https:\/\/primafrio.com\/60-aniversario\/wp-json\/wp\/v2\/types\/post"}],"author":[{"embeddable":true,"href":"https:\/\/primafrio.com\/60-aniversario\/wp-json\/wp\/v2\/users\/1"}],"replies":[{"embeddable":true,"href":"https:\/\/primafrio.com\/60-aniversario\/wp-json\/wp\/v2\/comments?post=1456"}],"version-history":[{"count":3,"href":"https:\/\/primafrio.com\/60-aniversario\/wp-json\/wp\/v2\/posts\/1456\/revisions"}],"predecessor-version":[{"id":2505,"href":"https:\/\/primafrio.com\/60-aniversario\/wp-json\/wp\/v2\/posts\/1456\/revisions\/2505"}],"wp:featuredmedia":[{"embeddable":true,"href":"https:\/\/primafrio.com\/60-aniversario\/wp-json\/wp\/v2\/media\/2322"}],"wp:attachment":[{"href":"https:\/\/primafrio.com\/60-aniversario\/wp-json\/wp\/v2\/media?parent=1456"}],"wp:term":[{"taxonomy":"category","embeddable":true,"href":"https:\/\/primafrio.com\/60-aniversario\/wp-json\/wp\/v2\/categories?post=1456"},{"taxonomy":"post_tag","embeddable":true,"href":"https:\/\/primafrio.com\/60-aniversario\/wp-json\/wp\/v2\/tags?post=1456"}],"curies":[{"name":"wp","href":"https:\/\/api.w.org\/{rel}","templated":true}]}}