{"id":1453,"date":"2023-07-03T13:11:21","date_gmt":"2023-07-03T11:11:21","guid":{"rendered":"https:\/\/primafrio.com\/60-aniversario\/?p=1453"},"modified":"2023-12-28T12:46:51","modified_gmt":"2023-12-28T11:46:51","slug":"ana-pinto","status":"publish","type":"post","link":"https:\/\/primafrio.com\/60-aniversario\/ana-pinto\/","title":{"rendered":"Ana Pinto"},"content":{"rendered":"<h2>\u00bfDesde cu\u00e1ndo y c\u00f3mo empezaste a formar parte de la empresa?<\/h2>\n<p>En Marzo de 2012.<\/p>\n<h2>A t\u00fa parecer, \u00bfqu\u00e9 cualidades destacar\u00edas de la compa\u00f1\u00eda, y cu\u00e1les crees que son los valores que mejor nos definen?<\/h2>\n<p>Responsabilidad y perfil de l\u00edder.<\/p>\n<h2>\u00bfCu\u00e1l es nuestro punto fuerte?<\/h2>\n<p>Conocimiento y siempre buscando nuevos conocimientos humanos y tecnol\u00f3gicos.<\/p>\n<h2>Despu\u00e9s de estos 60 a\u00f1os: \u00bfde qu\u00e9 te sientes m\u00e1s orgulloso?<\/h2>\n<p>Seguir l\u00edderes de mercado en transporte.<\/p>\n<h2>\u00bfTienes alguna experiencia rese\u00f1able o alg\u00fan momento que guardes de manera especial en tu memoria?<\/h2>\n<p>Tengo en mi memoria diversos momentos a lo largo de estos 12 a\u00f1os.<\/p>\n<p>Una de las experiencias m\u00e1s gratificantes y desafiadora fue la apertura de la base de Azambuja. Nos prestamos mucha ayuda entre los miembros del equipo y nos acerc\u00f3 mucho m\u00e1s, incluidos los ch\u00f3feres.<\/p>\n","protected":false},"excerpt":{"rendered":"<p>\u00bfDesde cu\u00e1ndo y c\u00f3mo empezaste a formar parte de la empresa? En Marzo de 2012. A t\u00fa parecer, \u00bfqu\u00e9 cualidades destacar\u00edas de la compa\u00f1\u00eda, y cu\u00e1les crees que son los valores que mejor nos definen? Responsabilidad y perfil de l\u00edder. \u00bfCu\u00e1l es nuestro punto fuerte? Conocimiento y siempre buscando nuevos conocimientos humanos y tecnol\u00f3gicos. Despu\u00e9s [&hellip;]<\/p>\n","protected":false},"author":1,"featured_media":2382,"comment_status":"open","ping_status":"open","sticky":false,"template":"","format":"standard","meta":{"footnotes":""},"categories":[13],"tags":[],"class_list":["post-1453","post","type-post","status-publish","format-standard","has-post-thumbnail","hentry","category-protagonistas"],"_links":{"self":[{"href":"https:\/\/primafrio.com\/60-aniversario\/wp-json\/wp\/v2\/posts\/1453","targetHints":{"allow":["GET"]}}],"collection":[{"href":"https:\/\/primafrio.com\/60-aniversario\/wp-json\/wp\/v2\/posts"}],"about":[{"href":"https:\/\/primafrio.com\/60-aniversario\/wp-json\/wp\/v2\/types\/post"}],"author":[{"embeddable":true,"href":"https:\/\/primafrio.com\/60-aniversario\/wp-json\/wp\/v2\/users\/1"}],"replies":[{"embeddable":true,"href":"https:\/\/primafrio.com\/60-aniversario\/wp-json\/wp\/v2\/comments?post=1453"}],"version-history":[{"count":4,"href":"https:\/\/primafrio.com\/60-aniversario\/wp-json\/wp\/v2\/posts\/1453\/revisions"}],"predecessor-version":[{"id":2830,"href":"https:\/\/primafrio.com\/60-aniversario\/wp-json\/wp\/v2\/posts\/1453\/revisions\/2830"}],"wp:featuredmedia":[{"embeddable":true,"href":"https:\/\/primafrio.com\/60-aniversario\/wp-json\/wp\/v2\/media\/2382"}],"wp:attachment":[{"href":"https:\/\/primafrio.com\/60-aniversario\/wp-json\/wp\/v2\/media?parent=1453"}],"wp:term":[{"taxonomy":"category","embeddable":true,"href":"https:\/\/primafrio.com\/60-aniversario\/wp-json\/wp\/v2\/categories?post=1453"},{"taxonomy":"post_tag","embeddable":true,"href":"https:\/\/primafrio.com\/60-aniversario\/wp-json\/wp\/v2\/tags?post=1453"}],"curies":[{"name":"wp","href":"https:\/\/api.w.org\/{rel}","templated":true}]}}